{"id":2499,"date":"2024-02-15T17:38:40","date_gmt":"2024-02-15T17:38:40","guid":{"rendered":"https:\/\/itscoily.com\/nl\/?p=2499"},"modified":"2024-01-22T17:43:01","modified_gmt":"2024-01-22T17:43:01","slug":"wat-is-je-haardichtheid","status":"publish","type":"post","link":"https:\/\/itscoily.com\/nl\/wat-is-je-haardichtheid\/","title":{"rendered":"Wat is je haardichtheid?"},"content":{"rendered":"\n<p><strong>Heb je ooit al eens nagedacht over hoeveel individuele haren je hoofd telt? Dat is waar je haardichtheid aan te pas komt. Geen zorgen, je hoeft je haren niet \u00e9\u00e9n per \u00e9\u00e9n te tellen. In deze blog ontdek je wat je haardichtheid is en hoe dit een rol speelt in de verzorging van je kroeshaar.<\/strong><\/p>\n\n\n\n<h2 class=\"wp-block-heading\"><strong>Wat is mijn haardichtheid?<\/strong><\/h2>\n\n\n\n<p>Er zijn 3 categori\u00ebn waaronder je haar kan vallen:<\/p>\n\n\n\n<figure class=\"wp-block-image size-large\"><img loading=\"lazy\" decoding=\"async\" width=\"1024\" height=\"1024\" src=\"https:\/\/itscoily.com\/nl\/wp-content\/uploads\/2023\/01\/Haardichtheid-1024x1024.jpg\" alt=\"Een grafische voorstelling van de drie soorten haardictheid\" class=\"wp-image-1949\" style=\"aspect-ratio:1;object-fit:cover\" srcset=\"https:\/\/itscoily.com\/nl\/wp-content\/uploads\/2023\/01\/Haardichtheid-1024x1024.jpg 1024w, https:\/\/itscoily.com\/nl\/wp-content\/uploads\/2023\/01\/Haardichtheid-300x300.jpg 300w, https:\/\/itscoily.com\/nl\/wp-content\/uploads\/2023\/01\/Haardichtheid-150x150.jpg 150w, https:\/\/itscoily.com\/nl\/wp-content\/uploads\/2023\/01\/Haardichtheid-768x768.jpg 768w, https:\/\/itscoily.com\/nl\/wp-content\/uploads\/2023\/01\/Haardichtheid-1536x1536.jpg 1536w, https:\/\/itscoily.com\/nl\/wp-content\/uploads\/2023\/01\/Haardichtheid.jpg 2000w\" sizes=\"(max-width: 1024px) 100vw, 1024px\" \/><\/figure>\n\n\n\n<h3 class=\"wp-block-heading\"><strong>Lage haardichtheid<\/strong><\/h3>\n\n\n\n<p>Wanneer je een lage haardichtheid hebt, betekent dit dat je <strong>minder haarzakjes per vierkante centimeter <\/strong>op je hoofdhuid hebt. Dit kan resulteren in een dunner uiterlijk van het haar en mogelijk meer zichtbare hoofdhuid tussen de haarlokken.<\/p>\n\n\n\n<h3 class=\"wp-block-heading\"><strong>Gemiddelde\/medium haardichtheid<\/strong><\/h3>\n\n\n\n<p>Wanneer je een gemiddelde haardichtheid hebt, heb je <strong>een gemiddeld aantal&nbsp; haarzakjes per vierkante centimeter <\/strong>op je hoofdhuid.&nbsp;<\/p>\n\n\n\n<h3 class=\"wp-block-heading\"><strong>Hoge haardichtheid<\/strong><\/h3>\n\n\n\n<p><br>Wanneer je een hoge haardichtheid hebt, betekent dit dat je <strong>veel haarzakjes per vierkante centimeter <\/strong>op jehoofdhuid hebt.&nbsp; Dit resulteert in een volle, dikke haardos en minder zichtbare hoofdhuid tussen de harenlokken<\/p>\n\n\n\n<p>Vaak wordt haardichtheid verward met haardikte, maar dit zijn twee verschillende zaken.<\/p>\n\n\n\n<h2 class=\"wp-block-heading\"><strong>Wat is het verschil tussen haardichtheid en haardikte?<\/strong><\/h2>\n\n\n\n<figure class=\"wp-block-image size-large\"><img loading=\"lazy\" decoding=\"async\" width=\"1024\" height=\"683\" src=\"https:\/\/itscoily.com\/nl\/wp-content\/uploads\/2023\/01\/Een-close-up-van-afro-haar-1024x683.jpg\" alt=\"Een close-up van afro haar\" class=\"wp-image-1947\" srcset=\"https:\/\/itscoily.com\/nl\/wp-content\/uploads\/2023\/01\/Een-close-up-van-afro-haar-1024x683.jpg 1024w, https:\/\/itscoily.com\/nl\/wp-content\/uploads\/2023\/01\/Een-close-up-van-afro-haar-300x200.jpg 300w, https:\/\/itscoily.com\/nl\/wp-content\/uploads\/2023\/01\/Een-close-up-van-afro-haar-768x512.jpg 768w, https:\/\/itscoily.com\/nl\/wp-content\/uploads\/2023\/01\/Een-close-up-van-afro-haar-1536x1024.jpg 1536w\" sizes=\"(max-width: 1024px) 100vw, 1024px\" \/><\/figure>\n\n\n\n<p>Je<strong> haardichtheid is niet hetzelfde als je haardikte.<\/strong> Wanneer je iemand hoort zeggen dat ze dik haar hebben, heeft het vaak niet te maken met haardikte. Je haardikte heeft betrekking op de diameter van je individuele haren. Het zegt iets over hoe dik of dun \u00e9\u00e9n haarlok is. Je haardichtheid daarintegen, heeft betrekking op de concentratie haarzakjes op je hoofdhuid. Het geeft aan hoe dicht je haarstrengen op elkaar zitten.<\/p>\n\n\n\n<h2 class=\"wp-block-heading\"><strong>Hoe bepaal ik mijn haardichtheid?<\/strong><\/h2>\n\n\n\n<p>Er zijn 4 manieren om de je haardichtheid te berekenen. We zullen deze kort overlopen:<\/p>\n\n\n\n<h3 class=\"wp-block-heading\"><strong>1. Tel je haren handmatig<\/strong><\/h3>\n\n\n\n<p>De eerste manier is een eenvoudige wijze om je <strong>individuele haren per vierkante meter te tellen.<\/strong> Je hebt hier geen speciale machine voor nodig maar uiteraard wel veel geduld. Op papier is je haren \u00e9\u00e9n per \u00e9\u00e9n tellen de meest accurate manier, maar het is zeker niet praktisch.<\/p>\n\n\n\n<h3 class=\"wp-block-heading\"><strong>2. Doe een visuele inspectie<\/strong><\/h3>\n\n\n\n<p>Een praktischere manier om je haardichtheid te bepalen, is door te kijken naar <strong>hoe gemakkelijk het is om je hoofdhuid te vinden. <\/strong>Kun je je hoofdhuid zien zonder je haar te bewegen, dan is de kans groot dat je een lage haardichtheid hebt. Als het moeilijk is om je hoofdhuid te zien, heb je waarschijnlijk haar met een hoge dichtheid. Als geen van beide op jou van toepassing is, dan val je waarschijnlijk in de middencategorie, waar je nog steeds een beetje moeite moet doen om je hoofdhuid te zien.<\/p>\n\n\n\n<h3 class=\"wp-block-heading\"><strong>3. Doe de paardenstaarttest<\/strong><\/h3>\n\n\n\n<p>Naast je haar observeren, kun je ook <strong>de omtrek van je paardenstaart meten<\/strong>. Steek je haar in een paardenstaart en meet vervolgens de omtrek van je paardenstaart. Afhankelijk van de omtrek die je zojuist hebt gemeten,val je onder \u00e9\u00e9n van de volgende categori\u00ebn:<\/p>\n\n\n\n<figure class=\"wp-block-table\"><table><tbody><tr><td><strong>Omtrek paardenstaart<\/strong><\/td><td><strong>Haardichtheid<\/strong><\/td><\/tr><tr><td>&lt; 5cm<\/td><td>Lage haardichtheid<\/td><\/tr><tr><td>5cm &#8211; 10 cm<\/td><td>Gemiddelde\/medium&nbsp; haardichtheid<\/td><\/tr><tr><td>= of &gt; 10 cm<\/td><td>Hoge haardichtheid<\/td><\/tr><\/tbody><\/table><\/figure>\n\n\n\n<h3 class=\"wp-block-heading\"><strong>4. Doe een fototrichogram<\/strong><\/h3>\n\n\n\n<p>Een fototrichogram is de <strong>standaardmanier om je haardichtheid te meten<\/strong>. Deze kun je niet bij je thuis doen. Dit is een techniek die voor het eerst werd ge\u00efntroduceerd door Saitoh in 1970. Eerst word een klein stukje van je haren geschoren. Dit wordt opgevolgd door een foto dat werd gemaakt met een speciale camera voor verdere analyse.\u00a0<\/p>\n\n\n\n<h3 class=\"wp-block-heading\"><strong>5. Doe een videotrichogram<\/strong><\/h3>\n\n\n\n<p>Een videotrichogram is gelijkaardig met het vorig voorbeeldje maar dan met video.<\/p>\n\n\n\n<h2 class=\"wp-block-heading\"><strong>Factoren die haar-dichtheid be\u00efnvloeden<\/strong><\/h2>\n\n\n\n<figure class=\"wp-block-image size-large\"><img loading=\"lazy\" decoding=\"async\" width=\"1024\" height=\"683\" src=\"https:\/\/itscoily.com\/nl\/wp-content\/uploads\/2022\/09\/actionvance-mM5IgPJHb3g-unsplash-scaled-e1664556128207-1024x683.jpg\" alt=\"Een donkere vrouw met kroeshaar voor een wit achtergrond\" class=\"wp-image-378\" srcset=\"https:\/\/itscoily.com\/nl\/wp-content\/uploads\/2022\/09\/actionvance-mM5IgPJHb3g-unsplash-scaled-e1664556128207-1024x683.jpg 1024w, https:\/\/itscoily.com\/nl\/wp-content\/uploads\/2022\/09\/actionvance-mM5IgPJHb3g-unsplash-scaled-e1664556128207-300x200.jpg 300w, https:\/\/itscoily.com\/nl\/wp-content\/uploads\/2022\/09\/actionvance-mM5IgPJHb3g-unsplash-scaled-e1664556128207-768x512.jpg 768w, https:\/\/itscoily.com\/nl\/wp-content\/uploads\/2022\/09\/actionvance-mM5IgPJHb3g-unsplash-scaled-e1664556128207-1536x1024.jpg 1536w, https:\/\/itscoily.com\/nl\/wp-content\/uploads\/2022\/09\/actionvance-mM5IgPJHb3g-unsplash-scaled-e1664556128207-600x400.jpg 600w, https:\/\/itscoily.com\/nl\/wp-content\/uploads\/2022\/09\/actionvance-mM5IgPJHb3g-unsplash-scaled-e1664556128207.jpg 1920w\" sizes=\"(max-width: 1024px) 100vw, 1024px\" \/><\/figure>\n\n\n\n<p>Er zijn verschillende factoren die invloed hebben op je haardichtheid. Er zijn factoren waar je controle over zoals je dieet, maar je hebt ook andere factoren waar je niks aan kunt doen zoals veroudering, stress en je genen. Het is ook belangrijk om te weten dat je haardichtheid ook kan veranderen doorheen de tijd en door <strong>externe\/interne factoren<\/strong>.<\/p>\n\n\n\n<h3 class=\"wp-block-heading\"><strong>Genitica<\/strong><\/h3>\n\n\n\n<p>Je hebt geen controle over <strong>je genetische aanleg<\/strong>, maar die heeft wel invloed op de dichtheid van je haar. Wist je dat zwart haar over het algemeen de hoogste haardichtheid heeft? Uiteraard is haarkleur slechts \u00e9\u00e9n aspect die invloed heeft over je haardichtheid. Onderzoek toont aan dat er verschillen zijn tussen de haardichtheid in verschillende etnische groepen. Zo zouden mensen van aziatische afkomst de hoogste haardichtheid hebben gevolgd door mensen met een kaukasische afkomst en tot slot Afrikaanse afkomst.<\/p>\n\n\n\n<h3 class=\"wp-block-heading\"><strong>Veroudering<\/strong><\/h3>\n\n\n\n<p>Naarmate we ouder worden, begint onze haardichtheid te verminderen. <strong>Onze haardichtheid is op zijn hoogtepunt tussen de leeftijd van 20-30 jaar <\/strong>en begint af te nemen vanaf de leeftijd van 35 jaar.<\/p>\n\n\n\n<h3 class=\"wp-block-heading\"><strong>Gezondheid&nbsp;&nbsp;<\/strong><\/h3>\n\n\n\n<p>Er zijn verschillende gezondheidsproblemen die invloed hebben op de dichtheid van je haar. Om een paar voorbeelden te noemen, denk aan<strong> aandoeningen<\/strong> zoals psoriasis, seborro\u00efsch eczeem en schildklierproblemen. Hormale veranderingen die optreden na de zwangerschap en menopauze kunnen ook<strong> leiden tot veranderingen in de dichtheid van je haar.<\/strong><\/p>\n\n\n\n<h3 class=\"wp-block-heading\"><strong>Dieet<\/strong><\/h3>\n\n\n\n<p>Verder heeft je dieet ook een invloed op je haardichtheid. Het is belangrijk om <strong>een gebalanceerd dieet<\/strong> te hebben, vooral omdat een tekort aan nutri\u00ebnten waaronder ijzer en prote\u00efnen haaruitval kan veroorzaken.\u00a0<\/p>\n\n\n\n<h3 class=\"wp-block-heading\"><strong>Stress<\/strong><\/h3>\n\n\n\n<p>Stress is niet goed voor je. Dit geldt ook voor je haardichtheid. <strong>Wist je dat te veel stress tijdelijk haarverlies kan veroorzaken?<\/strong> Het is cruciaal om niet alleen op je voeding te letten, maar ook voldoende te slapen en te bewegen om stress te beheersen. Zorg ervoor dat je een pauze neemt en diep ademhaalt wanneer je je gestrest voelt.<\/p>\n\n\n\n<h2 class=\"wp-block-heading\"><strong>Kan ik mijn haardichtheid verhogen?<\/strong><\/h2>\n\n\n\n<figure class=\"wp-block-image size-large\"><img loading=\"lazy\" decoding=\"async\" width=\"1024\" height=\"683\" src=\"https:\/\/itscoily.com\/nl\/wp-content\/uploads\/2022\/09\/pexels-thought-catalog-2228561-scaled-e1664556282739-1024x683.jpg\" alt=\"Een zwarte dame leest een boek over kroeshaar\" class=\"wp-image-376\" srcset=\"https:\/\/itscoily.com\/nl\/wp-content\/uploads\/2022\/09\/pexels-thought-catalog-2228561-scaled-e1664556282739-1024x683.jpg 1024w, https:\/\/itscoily.com\/nl\/wp-content\/uploads\/2022\/09\/pexels-thought-catalog-2228561-scaled-e1664556282739-300x200.jpg 300w, https:\/\/itscoily.com\/nl\/wp-content\/uploads\/2022\/09\/pexels-thought-catalog-2228561-scaled-e1664556282739-768x512.jpg 768w, https:\/\/itscoily.com\/nl\/wp-content\/uploads\/2022\/09\/pexels-thought-catalog-2228561-scaled-e1664556282739-1536x1025.jpg 1536w, https:\/\/itscoily.com\/nl\/wp-content\/uploads\/2022\/09\/pexels-thought-catalog-2228561-scaled-e1664556282739-600x400.jpg 600w, https:\/\/itscoily.com\/nl\/wp-content\/uploads\/2022\/09\/pexels-thought-catalog-2228561-scaled-e1664556282739.jpg 1920w\" sizes=\"(max-width: 1024px) 100vw, 1024px\" \/><\/figure>\n\n\n\n<p>Je kunt je<strong> haardichtheid niet op natuurlijke wijze verhogen<\/strong> omdat je het aantal haarzakjes dat je hebt niet kunt veranderen. Hiervoor heb je de hulp nodig van medische procedures. Je kunt je haardichtheid echter maximaliseren door gezond te eten, hoofdhuidmassages te doen en stress te verminderen. Tot slot zijn er wel manieren om je haar voller te laten lijken door volumizing haarproducten te gebruiken en kapsels te kiezen je haar een vollere look geeft.<\/p>\n\n\n\n<h2 class=\"wp-block-heading\"><strong>Het belang van je haardichtheid&nbsp;<\/strong><\/h2>\n\n\n\n<p>Je haardichtheid bepaalt de volume en vorm van je haar. Dit helpt je te begrijpen <strong>welke kapsels<\/strong> het beste bij je passen <strong>en<\/strong> <strong>met welke producten je bepaalde haarstijlen kunt bereiken.<\/strong> Een voorbeeld hiervan is het gebruik van luchtige producten voor meer volume en het tegenovergestelde voor minder volume. In combinatie met andere elementen waaronder je haar porositeit, elasticiteit en een minder belangrijke zoals je haartype, kun je starten met het vinden met je haarroutine.<\/p>\n\n\n\n<h3 class=\"wp-block-heading\">Raadpleeg bronnen:<\/h3>\n\n\n\n<ul class=\"wp-block-list\">\n<li><a href=\"https:\/\/www.healthline.com\/health\/hair-density#hair-density-test\"><strong>Healthline<\/strong><\/a><\/li>\n\n\n\n<li><a href=\"https:\/\/schrijfmeisje.nl\/wat-je-moet-weten-over-je-haar-dichtheid-en-elasticiteit\/\"><strong>Schrijfmeisje<\/strong><\/a><\/li>\n\n\n\n<li><a href=\"https:\/\/www.healthline.com\/health\/hair-density#hair-density-test\"><strong>Healthline &#8211; dichtheid<\/strong><\/a><strong><a href=\"https:\/\/www.healthline.com\/health\/hair-density#hair-density-test\"> tes<\/a><strong><a href=\"https:\/\/www.healthline.com\/health\/hair-density#hair-density-test\">t<\/a><\/strong><\/strong><\/li>\n\n\n\n<li><a href=\"https:\/\/www.zantmankliniek.nl\/kennisbank\/haardichtheid\/\"><strong>Zantmanklin<\/strong><\/a><\/li>\n\n\n\n<li><a href=\"https:\/\/www.Bioline.org.br\/pdf?dv06083\"><strong>Bionline<\/strong><\/a><\/li>\n\n\n\n<li><a href=\"https:\/\/eu.curlsmith.com\/blogs\/curl-academy\/hair-density-meaning-test-care#:~:text=The%20density%20of%20our%20hair,%2C%20health%20conditions%2C%20and%20hormones.\"><strong>Curlsmith<\/strong><\/a><\/li>\n<\/ul>\n","protected":false},"excerpt":{"rendered":"<p>Heb je ooit al eens nagedacht over hoeveel individuele haren je hoofd telt? Dat is waar je haardichtheid aan te [&hellip;]<\/p>\n","protected":false},"author":1,"featured_media":2652,"comment_status":"open","ping_status":"open","sticky":false,"template":"","format":"standard","meta":{"_et_pb_use_builder":"","_et_pb_old_content":"","_et_gb_content_width":"","site-sidebar-layout":"default","site-content-layout":"","ast-site-content-layout":"default","site-content-style":"default","site-sidebar-style":"default","ast-global-header-display":"","ast-banner-title-visibility":"","ast-main-header-display":"","ast-hfb-above-header-display":"","ast-hfb-below-header-display":"","ast-hfb-mobile-header-display":"","site-post-title":"","ast-breadcrumbs-content":"","ast-featured-img":"","footer-sml-layout":"","ast-disable-related-posts":"","theme-transparent-header-meta":"","adv-header-id-meta":"","stick-header-meta":"","header-above-stick-meta":"","header-main-stick-meta":"","header-below-stick-meta":"","astra-migrate-meta-layouts":"set","ast-page-background-enabled":"default","ast-page-background-meta":{"desktop":{"background-color":"","background-image":"","background-repeat":"repeat","background-position":"center center","background-size":"auto","background-attachment":"scroll","background-type":"","background-media":"","overlay-type":"","overlay-color":"","overlay-opacity":"","overlay-gradient":""},"tablet":{"background-color":"","background-image":"","background-repeat":"repeat","background-position":"center center","background-size":"auto","background-attachment":"scroll","background-type":"","background-media":"","overlay-type":"","overlay-color":"","overlay-opacity":"","overlay-gradient":""},"mobile":{"background-color":"","background-image":"","background-repeat":"repeat","background-position":"center center","background-size":"auto","background-attachment":"scroll","background-type":"","background-media":"","overlay-type":"","overlay-color":"","overlay-opacity":"","overlay-gradient":""}},"ast-content-background-meta":{"desktop":{"background-color":"var(--ast-global-color-5)","background-image":"","background-repeat":"repeat","background-position":"center center","background-size":"auto","background-attachment":"scroll","background-type":"","background-media":"","overlay-type":"","overlay-color":"","overlay-opacity":"","overlay-gradient":""},"tablet":{"background-color":"var(--ast-global-color-5)","background-image":"","background-repeat":"repeat","background-position":"center center","background-size":"auto","background-attachment":"scroll","background-type":"","background-media":"","overlay-type":"","overlay-color":"","overlay-opacity":"","overlay-gradient":""},"mobile":{"background-color":"var(--ast-global-color-5)","background-image":"","background-repeat":"repeat","background-position":"center center","background-size":"auto","background-attachment":"scroll","background-type":"","background-media":"","overlay-type":"","overlay-color":"","overlay-opacity":"","overlay-gradient":""}},"footnotes":""},"categories":[30,56],"tags":[],"class_list":["post-2499","post","type-post","status-publish","format-standard","has-post-thumbnail","hentry","category-allesoverkroeshaar","category-kroeshaar-basics"],"yoast_head":"<!-- This site is optimized with the Yoast SEO plugin v27.5 - https:\/\/yoast.com\/product\/yoast-seo-wordpress\/ -->\n<title>Wat is je haardichtheid? - It&#039;s Coily<\/title>\n<meta name=\"description\" content=\"Heb je ooit al eens nagedacht over hoeveel individuele haren je hoofd telt? Dat is waar je haardichtheid aan te pas komt.\" \/>\n<meta name=\"robots\" content=\"index, follow, max-snippet:-1, max-image-preview:large, max-video-preview:-1\" \/>\n<link rel=\"canonical\" href=\"https:\/\/itscoily.com\/nl\/wat-is-je-haardichtheid\/\" \/>\n<meta property=\"og:locale\" content=\"nl_NL\" \/>\n<meta property=\"og:type\" content=\"article\" \/>\n<meta property=\"og:title\" content=\"Wat is je haardichtheid? - It&#039;s Coily\" \/>\n<meta property=\"og:description\" content=\"Heb je ooit al eens nagedacht over hoeveel individuele haren je hoofd telt? Dat is waar je haardichtheid aan te pas komt.\" \/>\n<meta property=\"og:url\" content=\"https:\/\/itscoily.com\/nl\/wat-is-je-haardichtheid\/\" \/>\n<meta property=\"og:site_name\" content=\"It&#039;s Coily\" \/>\n<meta property=\"article:published_time\" content=\"2024-02-15T17:38:40+00:00\" \/>\n<meta property=\"og:image\" content=\"https:\/\/itscoily.com\/nl\/wp-content\/uploads\/2024\/01\/pexels-nappy-936104.jpg\" \/>\n\t<meta property=\"og:image:width\" content=\"2048\" \/>\n\t<meta property=\"og:image:height\" content=\"1638\" \/>\n\t<meta property=\"og:image:type\" content=\"image\/jpeg\" \/>\n<meta name=\"author\" content=\"It&#039;s Coily\" \/>\n<meta name=\"twitter:card\" content=\"summary_large_image\" \/>\n<meta name=\"twitter:label1\" content=\"Geschreven door\" \/>\n\t<meta name=\"twitter:data1\" content=\"It&#039;s Coily\" \/>\n\t<meta name=\"twitter:label2\" content=\"Geschatte leestijd\" \/>\n\t<meta name=\"twitter:data2\" content=\"7 minuten\" \/>\n<script type=\"application\/ld+json\" class=\"yoast-schema-graph\">{\"@context\":\"https:\\\/\\\/schema.org\",\"@graph\":[{\"@type\":\"Article\",\"@id\":\"https:\\\/\\\/itscoily.com\\\/nl\\\/wat-is-je-haardichtheid\\\/#article\",\"isPartOf\":{\"@id\":\"https:\\\/\\\/itscoily.com\\\/nl\\\/wat-is-je-haardichtheid\\\/\"},\"author\":{\"name\":\"It's Coily\",\"@id\":\"https:\\\/\\\/itscoily.com\\\/nl\\\/#\\\/schema\\\/person\\\/9aca1164ee16fde3f91f85240a3875a6\"},\"headline\":\"Wat is je haardichtheid?\",\"datePublished\":\"2024-02-15T17:38:40+00:00\",\"mainEntityOfPage\":{\"@id\":\"https:\\\/\\\/itscoily.com\\\/nl\\\/wat-is-je-haardichtheid\\\/\"},\"wordCount\":1062,\"commentCount\":0,\"publisher\":{\"@id\":\"https:\\\/\\\/itscoily.com\\\/nl\\\/#\\\/schema\\\/person\\\/9aca1164ee16fde3f91f85240a3875a6\"},\"image\":{\"@id\":\"https:\\\/\\\/itscoily.com\\\/nl\\\/wat-is-je-haardichtheid\\\/#primaryimage\"},\"thumbnailUrl\":\"https:\\\/\\\/itscoily.com\\\/nl\\\/wp-content\\\/uploads\\\/2024\\\/01\\\/pexels-nappy-936104.jpg\",\"articleSection\":[\"Kroeshaar\",\"Kroeshaar 101\"],\"inLanguage\":\"nl-NL\",\"potentialAction\":[{\"@type\":\"CommentAction\",\"name\":\"Comment\",\"target\":[\"https:\\\/\\\/itscoily.com\\\/nl\\\/wat-is-je-haardichtheid\\\/#respond\"]}]},{\"@type\":\"WebPage\",\"@id\":\"https:\\\/\\\/itscoily.com\\\/nl\\\/wat-is-je-haardichtheid\\\/\",\"url\":\"https:\\\/\\\/itscoily.com\\\/nl\\\/wat-is-je-haardichtheid\\\/\",\"name\":\"Wat is je haardichtheid? - It&#039;s Coily\",\"isPartOf\":{\"@id\":\"https:\\\/\\\/itscoily.com\\\/nl\\\/#website\"},\"primaryImageOfPage\":{\"@id\":\"https:\\\/\\\/itscoily.com\\\/nl\\\/wat-is-je-haardichtheid\\\/#primaryimage\"},\"image\":{\"@id\":\"https:\\\/\\\/itscoily.com\\\/nl\\\/wat-is-je-haardichtheid\\\/#primaryimage\"},\"thumbnailUrl\":\"https:\\\/\\\/itscoily.com\\\/nl\\\/wp-content\\\/uploads\\\/2024\\\/01\\\/pexels-nappy-936104.jpg\",\"datePublished\":\"2024-02-15T17:38:40+00:00\",\"description\":\"Heb je ooit al eens nagedacht over hoeveel individuele haren je hoofd telt? Dat is waar je haardichtheid aan te pas komt.\",\"breadcrumb\":{\"@id\":\"https:\\\/\\\/itscoily.com\\\/nl\\\/wat-is-je-haardichtheid\\\/#breadcrumb\"},\"inLanguage\":\"nl-NL\",\"potentialAction\":[{\"@type\":\"ReadAction\",\"target\":[\"https:\\\/\\\/itscoily.com\\\/nl\\\/wat-is-je-haardichtheid\\\/\"]}]},{\"@type\":\"ImageObject\",\"inLanguage\":\"nl-NL\",\"@id\":\"https:\\\/\\\/itscoily.com\\\/nl\\\/wat-is-je-haardichtheid\\\/#primaryimage\",\"url\":\"https:\\\/\\\/itscoily.com\\\/nl\\\/wp-content\\\/uploads\\\/2024\\\/01\\\/pexels-nappy-936104.jpg\",\"contentUrl\":\"https:\\\/\\\/itscoily.com\\\/nl\\\/wp-content\\\/uploads\\\/2024\\\/01\\\/pexels-nappy-936104.jpg\",\"width\":2048,\"height\":1638,\"caption\":\"Een vrouw met een volle afro\"},{\"@type\":\"BreadcrumbList\",\"@id\":\"https:\\\/\\\/itscoily.com\\\/nl\\\/wat-is-je-haardichtheid\\\/#breadcrumb\",\"itemListElement\":[{\"@type\":\"ListItem\",\"position\":1,\"name\":\"Home\",\"item\":\"https:\\\/\\\/itscoily.com\\\/nl\\\/\"},{\"@type\":\"ListItem\",\"position\":2,\"name\":\"Wat is je haardichtheid?\"}]},{\"@type\":\"WebSite\",\"@id\":\"https:\\\/\\\/itscoily.com\\\/nl\\\/#website\",\"url\":\"https:\\\/\\\/itscoily.com\\\/nl\\\/\",\"name\":\"It's Coily\",\"description\":\"Alles over kroeshaar\",\"publisher\":{\"@id\":\"https:\\\/\\\/itscoily.com\\\/nl\\\/#\\\/schema\\\/person\\\/9aca1164ee16fde3f91f85240a3875a6\"},\"potentialAction\":[{\"@type\":\"SearchAction\",\"target\":{\"@type\":\"EntryPoint\",\"urlTemplate\":\"https:\\\/\\\/itscoily.com\\\/nl\\\/?s={search_term_string}\"},\"query-input\":{\"@type\":\"PropertyValueSpecification\",\"valueRequired\":true,\"valueName\":\"search_term_string\"}}],\"inLanguage\":\"nl-NL\"},{\"@type\":[\"Person\",\"Organization\"],\"@id\":\"https:\\\/\\\/itscoily.com\\\/nl\\\/#\\\/schema\\\/person\\\/9aca1164ee16fde3f91f85240a3875a6\",\"name\":\"It's Coily\",\"image\":{\"@type\":\"ImageObject\",\"inLanguage\":\"nl-NL\",\"@id\":\"https:\\\/\\\/itscoily.com\\\/nl\\\/wp-content\\\/uploads\\\/2023\\\/03\\\/Color-logo-no-background.png\",\"url\":\"https:\\\/\\\/itscoily.com\\\/nl\\\/wp-content\\\/uploads\\\/2023\\\/03\\\/Color-logo-no-background.png\",\"contentUrl\":\"https:\\\/\\\/itscoily.com\\\/nl\\\/wp-content\\\/uploads\\\/2023\\\/03\\\/Color-logo-no-background.png\",\"width\":3188,\"height\":795,\"caption\":\"It's Coily\"},\"logo\":{\"@id\":\"https:\\\/\\\/itscoily.com\\\/nl\\\/wp-content\\\/uploads\\\/2023\\\/03\\\/Color-logo-no-background.png\"},\"sameAs\":[\"https:\\\/\\\/itscoily.com\\\/nl\"],\"url\":\"https:\\\/\\\/itscoily.com\\\/nl\\\/author\\\/aurane\\\/\"}]}<\/script>\n<!-- \/ Yoast SEO plugin. -->","yoast_head_json":{"title":"Wat is je haardichtheid? - It&#039;s Coily","description":"Heb je ooit al eens nagedacht over hoeveel individuele haren je hoofd telt? Dat is waar je haardichtheid aan te pas komt.","robots":{"index":"index","follow":"follow","max-snippet":"max-snippet:-1","max-image-preview":"max-image-preview:large","max-video-preview":"max-video-preview:-1"},"canonical":"https:\/\/itscoily.com\/nl\/wat-is-je-haardichtheid\/","og_locale":"nl_NL","og_type":"article","og_title":"Wat is je haardichtheid? - It&#039;s Coily","og_description":"Heb je ooit al eens nagedacht over hoeveel individuele haren je hoofd telt? Dat is waar je haardichtheid aan te pas komt.","og_url":"https:\/\/itscoily.com\/nl\/wat-is-je-haardichtheid\/","og_site_name":"It&#039;s Coily","article_published_time":"2024-02-15T17:38:40+00:00","og_image":[{"width":2048,"height":1638,"url":"https:\/\/itscoily.com\/nl\/wp-content\/uploads\/2024\/01\/pexels-nappy-936104.jpg","type":"image\/jpeg"}],"author":"It's Coily","twitter_card":"summary_large_image","twitter_misc":{"Geschreven door":"It's Coily","Geschatte leestijd":"7 minuten"},"schema":{"@context":"https:\/\/schema.org","@graph":[{"@type":"Article","@id":"https:\/\/itscoily.com\/nl\/wat-is-je-haardichtheid\/#article","isPartOf":{"@id":"https:\/\/itscoily.com\/nl\/wat-is-je-haardichtheid\/"},"author":{"name":"It's Coily","@id":"https:\/\/itscoily.com\/nl\/#\/schema\/person\/9aca1164ee16fde3f91f85240a3875a6"},"headline":"Wat is je haardichtheid?","datePublished":"2024-02-15T17:38:40+00:00","mainEntityOfPage":{"@id":"https:\/\/itscoily.com\/nl\/wat-is-je-haardichtheid\/"},"wordCount":1062,"commentCount":0,"publisher":{"@id":"https:\/\/itscoily.com\/nl\/#\/schema\/person\/9aca1164ee16fde3f91f85240a3875a6"},"image":{"@id":"https:\/\/itscoily.com\/nl\/wat-is-je-haardichtheid\/#primaryimage"},"thumbnailUrl":"https:\/\/itscoily.com\/nl\/wp-content\/uploads\/2024\/01\/pexels-nappy-936104.jpg","articleSection":["Kroeshaar","Kroeshaar 101"],"inLanguage":"nl-NL","potentialAction":[{"@type":"CommentAction","name":"Comment","target":["https:\/\/itscoily.com\/nl\/wat-is-je-haardichtheid\/#respond"]}]},{"@type":"WebPage","@id":"https:\/\/itscoily.com\/nl\/wat-is-je-haardichtheid\/","url":"https:\/\/itscoily.com\/nl\/wat-is-je-haardichtheid\/","name":"Wat is je haardichtheid? - It&#039;s Coily","isPartOf":{"@id":"https:\/\/itscoily.com\/nl\/#website"},"primaryImageOfPage":{"@id":"https:\/\/itscoily.com\/nl\/wat-is-je-haardichtheid\/#primaryimage"},"image":{"@id":"https:\/\/itscoily.com\/nl\/wat-is-je-haardichtheid\/#primaryimage"},"thumbnailUrl":"https:\/\/itscoily.com\/nl\/wp-content\/uploads\/2024\/01\/pexels-nappy-936104.jpg","datePublished":"2024-02-15T17:38:40+00:00","description":"Heb je ooit al eens nagedacht over hoeveel individuele haren je hoofd telt? Dat is waar je haardichtheid aan te pas komt.","breadcrumb":{"@id":"https:\/\/itscoily.com\/nl\/wat-is-je-haardichtheid\/#breadcrumb"},"inLanguage":"nl-NL","potentialAction":[{"@type":"ReadAction","target":["https:\/\/itscoily.com\/nl\/wat-is-je-haardichtheid\/"]}]},{"@type":"ImageObject","inLanguage":"nl-NL","@id":"https:\/\/itscoily.com\/nl\/wat-is-je-haardichtheid\/#primaryimage","url":"https:\/\/itscoily.com\/nl\/wp-content\/uploads\/2024\/01\/pexels-nappy-936104.jpg","contentUrl":"https:\/\/itscoily.com\/nl\/wp-content\/uploads\/2024\/01\/pexels-nappy-936104.jpg","width":2048,"height":1638,"caption":"Een vrouw met een volle afro"},{"@type":"BreadcrumbList","@id":"https:\/\/itscoily.com\/nl\/wat-is-je-haardichtheid\/#breadcrumb","itemListElement":[{"@type":"ListItem","position":1,"name":"Home","item":"https:\/\/itscoily.com\/nl\/"},{"@type":"ListItem","position":2,"name":"Wat is je haardichtheid?"}]},{"@type":"WebSite","@id":"https:\/\/itscoily.com\/nl\/#website","url":"https:\/\/itscoily.com\/nl\/","name":"It's Coily","description":"Alles over kroeshaar","publisher":{"@id":"https:\/\/itscoily.com\/nl\/#\/schema\/person\/9aca1164ee16fde3f91f85240a3875a6"},"potentialAction":[{"@type":"SearchAction","target":{"@type":"EntryPoint","urlTemplate":"https:\/\/itscoily.com\/nl\/?s={search_term_string}"},"query-input":{"@type":"PropertyValueSpecification","valueRequired":true,"valueName":"search_term_string"}}],"inLanguage":"nl-NL"},{"@type":["Person","Organization"],"@id":"https:\/\/itscoily.com\/nl\/#\/schema\/person\/9aca1164ee16fde3f91f85240a3875a6","name":"It's Coily","image":{"@type":"ImageObject","inLanguage":"nl-NL","@id":"https:\/\/itscoily.com\/nl\/wp-content\/uploads\/2023\/03\/Color-logo-no-background.png","url":"https:\/\/itscoily.com\/nl\/wp-content\/uploads\/2023\/03\/Color-logo-no-background.png","contentUrl":"https:\/\/itscoily.com\/nl\/wp-content\/uploads\/2023\/03\/Color-logo-no-background.png","width":3188,"height":795,"caption":"It's Coily"},"logo":{"@id":"https:\/\/itscoily.com\/nl\/wp-content\/uploads\/2023\/03\/Color-logo-no-background.png"},"sameAs":["https:\/\/itscoily.com\/nl"],"url":"https:\/\/itscoily.com\/nl\/author\/aurane\/"}]}},"_links":{"self":[{"href":"https:\/\/itscoily.com\/nl\/wp-json\/wp\/v2\/posts\/2499","targetHints":{"allow":["GET"]}}],"collection":[{"href":"https:\/\/itscoily.com\/nl\/wp-json\/wp\/v2\/posts"}],"about":[{"href":"https:\/\/itscoily.com\/nl\/wp-json\/wp\/v2\/types\/post"}],"author":[{"embeddable":true,"href":"https:\/\/itscoily.com\/nl\/wp-json\/wp\/v2\/users\/1"}],"replies":[{"embeddable":true,"href":"https:\/\/itscoily.com\/nl\/wp-json\/wp\/v2\/comments?post=2499"}],"version-history":[{"count":2,"href":"https:\/\/itscoily.com\/nl\/wp-json\/wp\/v2\/posts\/2499\/revisions"}],"predecessor-version":[{"id":2653,"href":"https:\/\/itscoily.com\/nl\/wp-json\/wp\/v2\/posts\/2499\/revisions\/2653"}],"wp:featuredmedia":[{"embeddable":true,"href":"https:\/\/itscoily.com\/nl\/wp-json\/wp\/v2\/media\/2652"}],"wp:attachment":[{"href":"https:\/\/itscoily.com\/nl\/wp-json\/wp\/v2\/media?parent=2499"}],"wp:term":[{"taxonomy":"category","embeddable":true,"href":"https:\/\/itscoily.com\/nl\/wp-json\/wp\/v2\/categories?post=2499"},{"taxonomy":"post_tag","embeddable":true,"href":"https:\/\/itscoily.com\/nl\/wp-json\/wp\/v2\/tags?post=2499"}],"curies":[{"name":"wp","href":"https:\/\/api.w.org\/{rel}","templated":true}]}}